{"id":475,"date":"2017-12-17T16:19:07","date_gmt":"2017-12-17T15:19:07","guid":{"rendered":"http:\/\/jf-urberach.org\/?p=475"},"modified":"2017-12-17T16:24:01","modified_gmt":"2017-12-17T15:24:01","slug":"orwischer-kerb-2017","status":"publish","type":"post","link":"http:\/\/jf-urberach.org\/?p=475","title":{"rendered":"Orwischer Kerb 2017"},"content":{"rendered":"<h3>Kerb 2017<\/h3>\n<p>Am ersten September Wochenende fand traditionell die Orwischer Kerb statt. Auch dieses Jahr verkaufte die Jugendfeuerwehr ihre Cr\u00eapes. Dieses Jahr verzeichneten wir einen sehr hohen Andrang auf die leckeren Cr\u00eapes. Die Einnahmen des Verkaufes werden zu 100 % in die F\u00f6rderung der Jugendarbeit investiert.<\/p>\n<h3><img loading=\"lazy\" class=\"aligncenter size-medium wp-image-477\" src=\"http:\/\/jf-urberach.org\/wp-content\/uploads\/2017\/12\/21192247_1475300662562780_659521992195094216_n-300x169.jpg\" alt=\"\" width=\"300\" height=\"169\" srcset=\"http:\/\/jf-urberach.org\/wp-content\/uploads\/2017\/12\/21192247_1475300662562780_659521992195094216_n-300x169.jpg 300w, http:\/\/jf-urberach.org\/wp-content\/uploads\/2017\/12\/21192247_1475300662562780_659521992195094216_n-768x432.jpg 768w, http:\/\/jf-urberach.org\/wp-content\/uploads\/2017\/12\/21192247_1475300662562780_659521992195094216_n.jpg 960w\" sizes=\"(max-width: 300px) 100vw, 300px\" \/><\/h3>\n<h3><img loading=\"lazy\" class=\"aligncenter size-medium wp-image-478\" src=\"http:\/\/jf-urberach.org\/wp-content\/uploads\/2017\/12\/21231258_1475300569229456_4521847789916946438_n-300x169.jpg\" alt=\"\" width=\"300\" height=\"169\" srcset=\"http:\/\/jf-urberach.org\/wp-content\/uploads\/2017\/12\/21231258_1475300569229456_4521847789916946438_n-300x169.jpg 300w, http:\/\/jf-urberach.org\/wp-content\/uploads\/2017\/12\/21231258_1475300569229456_4521847789916946438_n-768x432.jpg 768w, http:\/\/jf-urberach.org\/wp-content\/uploads\/2017\/12\/21231258_1475300569229456_4521847789916946438_n.jpg 960w\" sizes=\"(max-width: 300px) 100vw, 300px\" \/><\/h3>\n<h3><img loading=\"lazy\" class=\"aligncenter size-medium wp-image-479\" src=\"http:\/\/jf-urberach.org\/wp-content\/uploads\/2017\/12\/21231979_1475300602562786_2637938695285465615_n-300x169.jpg\" alt=\"\" width=\"300\" height=\"169\" srcset=\"http:\/\/jf-urberach.org\/wp-content\/uploads\/2017\/12\/21231979_1475300602562786_2637938695285465615_n-300x169.jpg 300w, http:\/\/jf-urberach.org\/wp-content\/uploads\/2017\/12\/21231979_1475300602562786_2637938695285465615_n-768x432.jpg 768w, http:\/\/jf-urberach.org\/wp-content\/uploads\/2017\/12\/21231979_1475300602562786_2637938695285465615_n.jpg 960w\" sizes=\"(max-width: 300px) 100vw, 300px\" \/><\/h3>\n<h3><img loading=\"lazy\" class=\"aligncenter size-medium wp-image-480\" src=\"http:\/\/jf-urberach.org\/wp-content\/uploads\/2017\/12\/21314525_1475300719229441_7643085128411270362_n-300x169.jpg\" alt=\"\" width=\"300\" height=\"169\" srcset=\"http:\/\/jf-urberach.org\/wp-content\/uploads\/2017\/12\/21314525_1475300719229441_7643085128411270362_n-300x169.jpg 300w, http:\/\/jf-urberach.org\/wp-content\/uploads\/2017\/12\/21314525_1475300719229441_7643085128411270362_n-768x432.jpg 768w, http:\/\/jf-urberach.org\/wp-content\/uploads\/2017\/12\/21314525_1475300719229441_7643085128411270362_n.jpg 960w\" sizes=\"(max-width: 300px) 100vw, 300px\" \/><\/h3>\n<p>&nbsp;<\/p>\n","protected":false},"excerpt":{"rendered":"<p>Kerb 2017 Am ersten September Wochenende fand traditionell die Orwischer Kerb statt. Auch dieses Jahr verkaufte die Jugendfeuerwehr ihre Cr\u00eapes. Dieses Jahr verzeichneten wir einen sehr hohen Andrang [&hellip;]<\/p>\n","protected":false},"author":1,"featured_media":479,"comment_status":"open","ping_status":"open","sticky":false,"template":"","format":"standard","meta":[],"categories":[17],"tags":[],"_links":{"self":[{"href":"http:\/\/jf-urberach.org\/index.php?rest_route=\/wp\/v2\/posts\/475"}],"collection":[{"href":"http:\/\/jf-urberach.org\/index.php?rest_route=\/wp\/v2\/posts"}],"about":[{"href":"http:\/\/jf-urberach.org\/index.php?rest_route=\/wp\/v2\/types\/post"}],"author":[{"embeddable":true,"href":"http:\/\/jf-urberach.org\/index.php?rest_route=\/wp\/v2\/users\/1"}],"replies":[{"embeddable":true,"href":"http:\/\/jf-urberach.org\/index.php?rest_route=%2Fwp%2Fv2%2Fcomments&post=475"}],"version-history":[{"count":4,"href":"http:\/\/jf-urberach.org\/index.php?rest_route=\/wp\/v2\/posts\/475\/revisions"}],"predecessor-version":[{"id":484,"href":"http:\/\/jf-urberach.org\/index.php?rest_route=\/wp\/v2\/posts\/475\/revisions\/484"}],"wp:featuredmedia":[{"embeddable":true,"href":"http:\/\/jf-urberach.org\/index.php?rest_route=\/wp\/v2\/media\/479"}],"wp:attachment":[{"href":"http:\/\/jf-urberach.org\/index.php?rest_route=%2Fwp%2Fv2%2Fmedia&parent=475"}],"wp:term":[{"taxonomy":"category","embeddable":true,"href":"http:\/\/jf-urberach.org\/index.php?rest_route=%2Fwp%2Fv2%2Fcategories&post=475"},{"taxonomy":"post_tag","embeddable":true,"href":"http:\/\/jf-urberach.org\/index.php?rest_route=%2Fwp%2Fv2%2Ftags&post=475"}],"curies":[{"name":"wp","href":"https:\/\/api.w.org\/{rel}","templated":true}]}}