{"id":485,"date":"2017-12-17T16:25:54","date_gmt":"2017-12-17T15:25:54","guid":{"rendered":"http:\/\/jf-urberach.org\/?p=485"},"modified":"2017-12-17T16:34:34","modified_gmt":"2017-12-17T15:34:34","slug":"berufsfeuerwehr-wochenende-2017","status":"publish","type":"post","link":"http:\/\/jf-urberach.org\/?p=485","title":{"rendered":"Berufsfeuerwehr Wochenende 2017"},"content":{"rendered":"<h3>Berufsfeuerwehr Wochenende 2017<\/h3>\n<p>Am 21. und 22.10 fand das diesj\u00e4hrige Berufsfeuerwehrwochenende statt. Nachdem die Jugendlichen auf die Fahrzeuge eingeteilt waren, wurden die Schlafpl\u00e4tze eingerichtet. Anschlie\u00dfend wurden die Fahrzeuge und Ger\u00e4te gecheckt.<br \/>\nDer erste Einsatz f\u00fcr die Besatzung des HLF lie\u00df nicht lange auf sich warten, gegen 14:45 Uhr l\u00e4utete zum ersten Mal der Alarmgong. Eine verwirrte Person drohte von einem Dach einer H\u00fctte auf der Bulau zu springen.<br \/>\nZur\u00fcck im Feuerwehrhaus wurden die Fah<span class=\"text_exposed_show\">rzeuge wieder Einsatzbereit gemacht und die Jugendlichen besch\u00e4ftigten sich mit Billard spielen und Fernsehen.<br \/>\nUm 17:09 Uhr wurde die Jugendfeuerwehr Urberach zur Nachbarschaftlichen L\u00f6schhilfe der Jugendwehr Eppertshausen alarmiert, dort war eine Scheune in Brand geraten und musste von zwei Seiten gel\u00f6scht und Menschen gerettet werden. Nach diesem Einsatz gab es im Eppertsh\u00e4user Feuerwehrhaus Abendessen.<br \/>\nZur\u00fcck im Feuerwehrhaus in Urberach blieben Eins\u00e4tze erst einmal aus. Um 20:10 Uhr gab es dann den n\u00e4chsten Alarm, im verl\u00e4ngerten Zilliggarten brannte eine gr\u00f6\u00dfere M\u00fclltonne. Die Besatzung des HLF hatte den Brand mittels Schnellangriffseinrichtung schnell unter Kontrolle.<br \/>\nKaum Zur\u00fcck im Feuerwehrhaus wurde das HLF zu einem ausgel\u00f6sten Heimrauchmelder an die RWE H\u00e4user gerufen. Vor Ort wurde schnell erkannt das es sich um ein best\u00e4tigtes Feuer handelt, das Alarmstichwort wurde auf F2Y erh\u00f6ht. Die Kr\u00e4fte aus Eppertshausen kamen ebenfalls mit einem L\u00f6schzug um uns bei dem Geb\u00e4udebrand zu unterst\u00fctzen. Es wurden 3 Personen vermisst und es galt zwei Brandherde zu bek\u00e4mpfen. Nachdem dieser Einsatz sehr gut abgearbeitet wurde, ging es gegen 22:20 Uhr zur\u00fcck in das Feuerwehrhaus.<br \/>\nZum Abschluss an diesem Tag ging es um 23:33 Uhr zur Waschstra\u00dfe in die Messenh\u00e4userstra\u00dfe. Dort l\u00f6ste die Brandmeldeanlage aus. Es r\u00fcckte der gesamte L\u00f6schzug aus. Vor Ort konnte nach einer Begehung der Anlage schnell Entwarnung gegeben werden.<br \/>\nAm Sonntag fr\u00fch ert\u00f6nt der Alarmgong schon um 6:28 Uhr. Der gesamte Zug r\u00fcckte aus in die Kapellenstra\u00dfe. Dort war ein PKW gegen einen Baum gekracht. Eine eingeklemmte Person musste von den Jugendlichen befreit werden.<br \/>\nNach diesem Einsatz gab es Fr\u00fchst\u00fcck im Feuerwehrhaus. Am Vormittag musste noch eine unbekannte Fl\u00fcssigkeit aufgenommen werden und eine Person unter einer Palette befreit werden.<br \/>\nUm 13 Uhr wurde dann zur gro\u00dfen Abschluss\u00fcbung in den Bergweg 21 Alarmiert. Vor Ort brannte ein Geb\u00e4ude mit 4 vermissten Personen. Das Feuer wurde schnell gefunden und gel\u00f6scht, alle 4 vermissten wurden gerettet.<\/span><\/p>\n<p><img loading=\"lazy\" class=\"size-medium wp-image-494 aligncenter\" src=\"http:\/\/jf-urberach.org\/wp-content\/uploads\/2017\/12\/23116835_1530461227046723_7892430065306599315_o-300x200.jpg\" alt=\"\" width=\"300\" height=\"200\" srcset=\"http:\/\/jf-urberach.org\/wp-content\/uploads\/2017\/12\/23116835_1530461227046723_7892430065306599315_o-300x200.jpg 300w, http:\/\/jf-urberach.org\/wp-content\/uploads\/2017\/12\/23116835_1530461227046723_7892430065306599315_o-768x512.jpg 768w, http:\/\/jf-urberach.org\/wp-content\/uploads\/2017\/12\/23116835_1530461227046723_7892430065306599315_o-1024x683.jpg 1024w, http:\/\/jf-urberach.org\/wp-content\/uploads\/2017\/12\/23116835_1530461227046723_7892430065306599315_o.jpg 2048w\" sizes=\"(max-width: 300px) 100vw, 300px\" \/><\/p>\n<p style=\"text-align: center;\">M\u00fclltonnenbrand<\/p>\n<p><img loading=\"lazy\" class=\"aligncenter size-medium wp-image-492\" src=\"http:\/\/jf-urberach.org\/wp-content\/uploads\/2017\/12\/23000357_1530457237047122_6180119804479394060_o-300x200.jpg\" alt=\"\" width=\"300\" height=\"200\" srcset=\"http:\/\/jf-urberach.org\/wp-content\/uploads\/2017\/12\/23000357_1530457237047122_6180119804479394060_o-300x200.jpg 300w, http:\/\/jf-urberach.org\/wp-content\/uploads\/2017\/12\/23000357_1530457237047122_6180119804479394060_o-768x512.jpg 768w, http:\/\/jf-urberach.org\/wp-content\/uploads\/2017\/12\/23000357_1530457237047122_6180119804479394060_o-1024x683.jpg 1024w, http:\/\/jf-urberach.org\/wp-content\/uploads\/2017\/12\/23000357_1530457237047122_6180119804479394060_o.jpg 2048w\" sizes=\"(max-width: 300px) 100vw, 300px\" \/><\/p>\n<p><img loading=\"lazy\" class=\"aligncenter size-medium wp-image-490\" src=\"http:\/\/jf-urberach.org\/wp-content\/uploads\/2017\/12\/22904646_1530459957046850_2551607003062849059_o-300x200.jpg\" alt=\"\" width=\"300\" height=\"200\" srcset=\"http:\/\/jf-urberach.org\/wp-content\/uploads\/2017\/12\/22904646_1530459957046850_2551607003062849059_o-300x200.jpg 300w, http:\/\/jf-urberach.org\/wp-content\/uploads\/2017\/12\/22904646_1530459957046850_2551607003062849059_o-768x512.jpg 768w, http:\/\/jf-urberach.org\/wp-content\/uploads\/2017\/12\/22904646_1530459957046850_2551607003062849059_o-1024x683.jpg 1024w, http:\/\/jf-urberach.org\/wp-content\/uploads\/2017\/12\/22904646_1530459957046850_2551607003062849059_o.jpg 2048w\" sizes=\"(max-width: 300px) 100vw, 300px\" \/><\/p>\n<p style=\"text-align: center;\">Feuer mit Menschenleben in Gefahr<\/p>\n<p><img loading=\"lazy\" class=\"aligncenter size-medium wp-image-489\" src=\"http:\/\/jf-urberach.org\/wp-content\/uploads\/2017\/12\/22861732_1530461353713377_8585349125504179472_o-300x200.jpg\" alt=\"\" width=\"300\" height=\"200\" srcset=\"http:\/\/jf-urberach.org\/wp-content\/uploads\/2017\/12\/22861732_1530461353713377_8585349125504179472_o-300x200.jpg 300w, http:\/\/jf-urberach.org\/wp-content\/uploads\/2017\/12\/22861732_1530461353713377_8585349125504179472_o-768x512.jpg 768w, http:\/\/jf-urberach.org\/wp-content\/uploads\/2017\/12\/22861732_1530461353713377_8585349125504179472_o-1024x683.jpg 1024w, http:\/\/jf-urberach.org\/wp-content\/uploads\/2017\/12\/22861732_1530461353713377_8585349125504179472_o.jpg 2048w\" sizes=\"(max-width: 300px) 100vw, 300px\" \/><\/p>\n<p style=\"text-align: center;\">Scheunenbrand in Eppertshausen<\/p>\n<p><img loading=\"lazy\" class=\"aligncenter size-medium wp-image-487\" src=\"http:\/\/jf-urberach.org\/wp-content\/uploads\/2017\/12\/22860123_1530458537046992_5574998800729380343_o-300x200.jpg\" alt=\"\" width=\"300\" height=\"200\" srcset=\"http:\/\/jf-urberach.org\/wp-content\/uploads\/2017\/12\/22860123_1530458537046992_5574998800729380343_o-300x200.jpg 300w, http:\/\/jf-urberach.org\/wp-content\/uploads\/2017\/12\/22860123_1530458537046992_5574998800729380343_o-768x512.jpg 768w, http:\/\/jf-urberach.org\/wp-content\/uploads\/2017\/12\/22860123_1530458537046992_5574998800729380343_o-1024x683.jpg 1024w, http:\/\/jf-urberach.org\/wp-content\/uploads\/2017\/12\/22860123_1530458537046992_5574998800729380343_o.jpg 2048w\" sizes=\"(max-width: 300px) 100vw, 300px\" \/><\/p>\n<p style=\"text-align: center;\">Person unter Palette<\/p>\n<p><img loading=\"lazy\" class=\"aligncenter size-medium wp-image-493\" src=\"http:\/\/jf-urberach.org\/wp-content\/uploads\/2017\/12\/23004553_1530459027046943_6588176623371672050_o-300x200.jpg\" alt=\"\" width=\"300\" height=\"200\" srcset=\"http:\/\/jf-urberach.org\/wp-content\/uploads\/2017\/12\/23004553_1530459027046943_6588176623371672050_o-300x200.jpg 300w, http:\/\/jf-urberach.org\/wp-content\/uploads\/2017\/12\/23004553_1530459027046943_6588176623371672050_o-768x512.jpg 768w, http:\/\/jf-urberach.org\/wp-content\/uploads\/2017\/12\/23004553_1530459027046943_6588176623371672050_o-1024x683.jpg 1024w, http:\/\/jf-urberach.org\/wp-content\/uploads\/2017\/12\/23004553_1530459027046943_6588176623371672050_o.jpg 2048w\" sizes=\"(max-width: 300px) 100vw, 300px\" \/><\/p>\n<p><img loading=\"lazy\" class=\"aligncenter size-medium wp-image-491\" src=\"http:\/\/jf-urberach.org\/wp-content\/uploads\/2017\/12\/22904894_1530461737046672_7590119214903315022_o-300x200.jpg\" alt=\"\" width=\"300\" height=\"200\" srcset=\"http:\/\/jf-urberach.org\/wp-content\/uploads\/2017\/12\/22904894_1530461737046672_7590119214903315022_o-300x200.jpg 300w, http:\/\/jf-urberach.org\/wp-content\/uploads\/2017\/12\/22904894_1530461737046672_7590119214903315022_o-768x512.jpg 768w, http:\/\/jf-urberach.org\/wp-content\/uploads\/2017\/12\/22904894_1530461737046672_7590119214903315022_o-1024x683.jpg 1024w, http:\/\/jf-urberach.org\/wp-content\/uploads\/2017\/12\/22904894_1530461737046672_7590119214903315022_o.jpg 2048w\" sizes=\"(max-width: 300px) 100vw, 300px\" \/><\/p>\n<p style=\"text-align: center;\">Abschluss\u00fcbung<\/p>\n","protected":false},"excerpt":{"rendered":"<p>Berufsfeuerwehr Wochenende 2017 Am 21. und 22.10 fand das diesj\u00e4hrige Berufsfeuerwehrwochenende statt. Nachdem die Jugendlichen auf die Fahrzeuge eingeteilt waren, wurden die Schlafpl\u00e4tze eingerichtet. Anschlie\u00dfend wurden die Fahrzeuge [&hellip;]<\/p>\n","protected":false},"author":1,"featured_media":490,"comment_status":"open","ping_status":"open","sticky":false,"template":"","format":"standard","meta":[],"categories":[17],"tags":[],"_links":{"self":[{"href":"http:\/\/jf-urberach.org\/index.php?rest_route=\/wp\/v2\/posts\/485"}],"collection":[{"href":"http:\/\/jf-urberach.org\/index.php?rest_route=\/wp\/v2\/posts"}],"about":[{"href":"http:\/\/jf-urberach.org\/index.php?rest_route=\/wp\/v2\/types\/post"}],"author":[{"embeddable":true,"href":"http:\/\/jf-urberach.org\/index.php?rest_route=\/wp\/v2\/users\/1"}],"replies":[{"embeddable":true,"href":"http:\/\/jf-urberach.org\/index.php?rest_route=%2Fwp%2Fv2%2Fcomments&post=485"}],"version-history":[{"count":4,"href":"http:\/\/jf-urberach.org\/index.php?rest_route=\/wp\/v2\/posts\/485\/revisions"}],"predecessor-version":[{"id":500,"href":"http:\/\/jf-urberach.org\/index.php?rest_route=\/wp\/v2\/posts\/485\/revisions\/500"}],"wp:featuredmedia":[{"embeddable":true,"href":"http:\/\/jf-urberach.org\/index.php?rest_route=\/wp\/v2\/media\/490"}],"wp:attachment":[{"href":"http:\/\/jf-urberach.org\/index.php?rest_route=%2Fwp%2Fv2%2Fmedia&parent=485"}],"wp:term":[{"taxonomy":"category","embeddable":true,"href":"http:\/\/jf-urberach.org\/index.php?rest_route=%2Fwp%2Fv2%2Fcategories&post=485"},{"taxonomy":"post_tag","embeddable":true,"href":"http:\/\/jf-urberach.org\/index.php?rest_route=%2Fwp%2Fv2%2Ftags&post=485"}],"curies":[{"name":"wp","href":"https:\/\/api.w.org\/{rel}","templated":true}]}}